{"id":518,"date":"2020-06-29T08:15:55","date_gmt":"2020-06-29T08:15:55","guid":{"rendered":"https:\/\/magazinankarahaberim.com\/?p=518"},"modified":"2020-06-29T08:15:57","modified_gmt":"2020-06-29T08:15:57","slug":"bursada-sele-kapilan-kadin-o-ani-anlatti","status":"publish","type":"post","link":"https:\/\/magazinankarahaberim.com\/index.php\/2020\/06\/29\/bursada-sele-kapilan-kadin-o-ani-anlatti\/","title":{"rendered":"Bursa&#8217;da sele kap\u0131lan kad\u0131n o an\u0131 anlatt\u0131!"},"content":{"rendered":"\n<p>Bursa&#8217;n\u0131n Osmangazi il\u00e7esinde, sel sular\u0131na kap\u0131larak s\u00fcr\u00fcklenen ve esnaf taraf\u0131ndan kurtar\u0131lan Emine Kahvecio\u011flu (72),hastanedeki tedavisinin tamamlanmas\u0131n\u0131n ard\u0131ndan taburcu edildi. Ya\u015fad\u0131klar\u0131n\u0131 anlatan Kahvecio\u011flu, y\u0131llarca biriktirdi\u011fi paralarla o\u011fluna ni\u015fan yapmak i\u00e7in ald\u0131\u011f\u0131 alt\u0131nlar\u0131n sele kap\u0131ld\u0131\u011f\u0131n\u0131 belirterek, &#8220;B\u00fct\u00fcn birikimim gitti. Ne zorluklarla biriktirmi\u015ftim&#8221; dedi<\/p>\n","protected":false},"excerpt":{"rendered":"<p>Bursa&#8217;n\u0131n Osmangazi il\u00e7esinde, sel sular\u0131na kap\u0131larak s\u00fcr\u00fcklenen ve esnaf taraf\u0131ndan kurtar\u0131lan Emine Kahvecio\u011flu (72),hastanedeki tedavisinin tamamlanmas\u0131n\u0131n ard\u0131ndan&#8230;<\/p>\n","protected":false},"author":1,"featured_media":519,"comment_status":"open","ping_status":"open","sticky":false,"template":"","format":"standard","meta":{"footnotes":""},"categories":[6],"tags":[],"class_list":["post-518","post","type-post","status-publish","format-standard","has-post-thumbnail","hentry","category-gundem"],"_links":{"self":[{"href":"https:\/\/magazinankarahaberim.com\/index.php\/wp-json\/wp\/v2\/posts\/518","targetHints":{"allow":["GET"]}}],"collection":[{"href":"https:\/\/magazinankarahaberim.com\/index.php\/wp-json\/wp\/v2\/posts"}],"about":[{"href":"https:\/\/magazinankarahaberim.com\/index.php\/wp-json\/wp\/v2\/types\/post"}],"author":[{"embeddable":true,"href":"https:\/\/magazinankarahaberim.com\/index.php\/wp-json\/wp\/v2\/users\/1"}],"replies":[{"embeddable":true,"href":"https:\/\/magazinankarahaberim.com\/index.php\/wp-json\/wp\/v2\/comments?post=518"}],"version-history":[{"count":1,"href":"https:\/\/magazinankarahaberim.com\/index.php\/wp-json\/wp\/v2\/posts\/518\/revisions"}],"predecessor-version":[{"id":520,"href":"https:\/\/magazinankarahaberim.com\/index.php\/wp-json\/wp\/v2\/posts\/518\/revisions\/520"}],"wp:featuredmedia":[{"embeddable":true,"href":"https:\/\/magazinankarahaberim.com\/index.php\/wp-json\/wp\/v2\/media\/519"}],"wp:attachment":[{"href":"https:\/\/magazinankarahaberim.com\/index.php\/wp-json\/wp\/v2\/media?parent=518"}],"wp:term":[{"taxonomy":"category","embeddable":true,"href":"https:\/\/magazinankarahaberim.com\/index.php\/wp-json\/wp\/v2\/categories?post=518"},{"taxonomy":"post_tag","embeddable":true,"href":"https:\/\/magazinankarahaberim.com\/index.php\/wp-json\/wp\/v2\/tags?post=518"}],"curies":[{"name":"wp","href":"https:\/\/api.w.org\/{rel}","templated":true}]}}