{"id":514,"date":"2020-06-29T05:27:32","date_gmt":"2020-06-29T05:27:32","guid":{"rendered":"https:\/\/magazinankarahaberim.com\/?p=514"},"modified":"2020-06-29T05:27:35","modified_gmt":"2020-06-29T05:27:35","slug":"isten-cikarma-yasagi-3-ay-uzatilacak","status":"publish","type":"post","link":"https:\/\/magazinankarahaberim.com\/index.php\/2020\/06\/29\/isten-cikarma-yasagi-3-ay-uzatilacak\/","title":{"rendered":"\u0130\u015ften \u00e7\u0131karma yasa\u011f\u0131 3 ay uzat\u0131lacak!"},"content":{"rendered":"\n<p>Covid-19 pandemisi dolay\u0131s\u0131yla al\u0131nan tedbirlerde \u00fc\u00e7 ayl\u0131k s\u00fcre bu hafta doluyor. \u00dcretime ara verilen, zorunluluktan dolay\u0131 kapat\u0131lan i\u015f yerlerinde \u00e7al\u0131\u015fanlar i\u00e7in \u00e7e\u015fitli kanallardan destekler sa\u011fland\u0131. \u015eimdi s\u0131ra 2. faz tedbirlere geldi. Normalle\u015fmeye d\u00f6n\u00fc\u015f\u00fcn hedeflendi\u011fi 2. fazda, daha \u00f6nce uygulamaya konulan tedbirlerin bir k\u0131sm\u0131nda s\u00fcre uzat\u0131lacak, bir k\u0131sm\u0131 ise d\u00f6n\u00fc\u015ft\u00fcr\u00fclecek. Yeni tedbirler cumhurba\u015fkan\u0131 kararnamesi ve yasa de\u011fi\u015fiklikleriyle hayata ge\u00e7irilecek. Habert\u00fcrk\u2019ten Ahmet K\u0131van\u00e7, yeni d\u00f6nemde al\u0131nacak istihdam tedbirlerini yazd\u0131<\/p>\n","protected":false},"excerpt":{"rendered":"<p>Covid-19 pandemisi dolay\u0131s\u0131yla al\u0131nan tedbirlerde \u00fc\u00e7 ayl\u0131k s\u00fcre bu hafta doluyor. \u00dcretime ara verilen, zorunluluktan dolay\u0131 kapat\u0131lan&#8230;<\/p>\n","protected":false},"author":1,"featured_media":515,"comment_status":"open","ping_status":"open","sticky":false,"template":"","format":"standard","meta":{"footnotes":""},"categories":[6],"tags":[],"class_list":["post-514","post","type-post","status-publish","format-standard","has-post-thumbnail","hentry","category-gundem"],"_links":{"self":[{"href":"https:\/\/magazinankarahaberim.com\/index.php\/wp-json\/wp\/v2\/posts\/514","targetHints":{"allow":["GET"]}}],"collection":[{"href":"https:\/\/magazinankarahaberim.com\/index.php\/wp-json\/wp\/v2\/posts"}],"about":[{"href":"https:\/\/magazinankarahaberim.com\/index.php\/wp-json\/wp\/v2\/types\/post"}],"author":[{"embeddable":true,"href":"https:\/\/magazinankarahaberim.com\/index.php\/wp-json\/wp\/v2\/users\/1"}],"replies":[{"embeddable":true,"href":"https:\/\/magazinankarahaberim.com\/index.php\/wp-json\/wp\/v2\/comments?post=514"}],"version-history":[{"count":1,"href":"https:\/\/magazinankarahaberim.com\/index.php\/wp-json\/wp\/v2\/posts\/514\/revisions"}],"predecessor-version":[{"id":516,"href":"https:\/\/magazinankarahaberim.com\/index.php\/wp-json\/wp\/v2\/posts\/514\/revisions\/516"}],"wp:featuredmedia":[{"embeddable":true,"href":"https:\/\/magazinankarahaberim.com\/index.php\/wp-json\/wp\/v2\/media\/515"}],"wp:attachment":[{"href":"https:\/\/magazinankarahaberim.com\/index.php\/wp-json\/wp\/v2\/media?parent=514"}],"wp:term":[{"taxonomy":"category","embeddable":true,"href":"https:\/\/magazinankarahaberim.com\/index.php\/wp-json\/wp\/v2\/categories?post=514"},{"taxonomy":"post_tag","embeddable":true,"href":"https:\/\/magazinankarahaberim.com\/index.php\/wp-json\/wp\/v2\/tags?post=514"}],"curies":[{"name":"wp","href":"https:\/\/api.w.org\/{rel}","templated":true}]}}