{"id":369,"date":"2020-06-26T19:34:50","date_gmt":"2020-06-26T19:34:50","guid":{"rendered":"https:\/\/magazinankarahaberim.com\/?p=369"},"modified":"2020-06-27T20:13:33","modified_gmt":"2020-06-27T20:13:33","slug":"yesil-ile-mafyanin-harac-savasi","status":"publish","type":"post","link":"https:\/\/magazinankarahaberim.com\/index.php\/2020\/06\/26\/yesil-ile-mafyanin-harac-savasi\/","title":{"rendered":"Ye\u015fil ile Mafya&#8217;n\u0131n Hara\u00e7 sava\u015f\u0131 .."},"content":{"rendered":"\n<p>\u0130stanbul\u2019da jandarman\u0131n bir su\u00e7 \u00f6rg\u00fct\u00fcne d\u00fczenledi\u011fi operasyonda g\u00f6zalt\u0131na al\u0131nan Ye\u015fil kod adl\u0131 Mahmut Y\u0131ld\u0131r\u0131m\u2019\u0131n sa\u011f kolu olarak bilinen Zakir Selvi \u00e7\u0131kar\u0131ld\u0131\u011f\u0131 mahkemede tutukland\u0131. Operasyonda g\u00f6zalt\u0131na al\u0131nan 7 ki\u015fi bug\u00fcn B\u00fcy\u00fck\u00e7ekmece Adliyesi\u2019ne g\u00f6nderildi.<\/p>\n\n\n\n<p>Bu ki\u015filerden biri kad\u0131n 3\u2019\u00fcn\u00fc serbest b\u0131rakan savc\u0131, Zakir Selvi ve 3 ki\u015fiyi tutuklanmalar\u0131 istemiyle B\u00fcy\u00fck\u00e7ekmece 2\u2019nci Sulh Ceza Mahkemesi\u2019ne g\u00f6nderdi.<br>Mahkeme Ba\u015fkan\u0131\u2019nin Ye\u015fil ya\u015f\u0131yor mu ? Sorusuna \u015fok cevap veren Selvi , onu Zaza Ferhat lakapl\u0131 Ferhat Dopdogru\u2019ya sorun dedi. Mahkeme heyeti, Zakir Selvi\u2019nin tutuklanmas\u0131na karar verdi.<\/p>\n\n\n\n<p>Ge\u00e7en hafta, baz\u0131 siyasilerin ad\u0131n\u0131n kar\u0131\u015ft\u0131\u011f\u0131 operasyon kapsam\u0131nda g\u00f6zalt\u0131na al\u0131nd\u0131ktan sonra mahkemece serbest b\u0131rak\u0131lan Selvi hakk\u0131nda yeniden yakalama emri \u00e7\u0131kar\u0131lm\u0131\u015ft\u0131<\/p>\n\n\n\n<p>Ye\u015fil kod adl\u0131 Mahmut Y\u0131ld\u0131r\u0131m\u2019\u0131n sa\u011f kolu olarak bilinen Selvi ve di\u011fer 6 ki\u015fi Cumhuriyet savc\u0131s\u0131 taraf\u0131ndan sorguland\u0131. Tutuklanan zakir selvi\u2019nin ifadesi ile tekrar g\u00fcndeme gelen ye\u015fil ile Mafya\u2019n\u0131n harac sava\u015f\u0131 \u015f\u00f6yle ba\u015flam\u0131\u015ft\u0131.Her\u015fey eski arkada\u015f\u0131 Ye\u015fil taraf\u0131ndan tehdit edilmesiyle ba\u015flam\u0131\u015f\u2019t\u0131 . Yeralt\u0131 d\u00fcnyas\u0131n\u0131n \u00fcnl\u00fc isimlerinden Zaza Ferhat bir i\u015f adam\u0131n\u2019dan hara\u00e7 isteyen Ye\u015fil\u2019le meydan okudugu i\u00e7in Cengiz Ersever taraf\u0131ndan \u00f6l\u00fcmle tehdit edildi.Ye\u015fil ve adamlar\u0131\u2019yla telefon g\u00f6r\u00fc\u015fmeleri yapt\u0131g\u0131n\u0131 hatta defalarca Mahmut Y\u0131ld\u0131r\u0131m ve jitemci J.Ast.subay Cengiz Ersever taraf\u0131ndan \u00f6l\u00fcmle tehdit edildi\u011fini belirten Zaza Ferhat bunlar \u201cKablo Kabaday\u0131s\u0131 \u201d kurbanl\u0131k koyun de\u011filiz bizde \u00f6nlemimizi ald\u0131k, gereken neyse yap\u0131l\u0131r demi\u015fti.<\/p>\n","protected":false},"excerpt":{"rendered":"<p>\u0130stanbul\u2019da jandarman\u0131n bir su\u00e7 \u00f6rg\u00fct\u00fcne d\u00fczenledi\u011fi operasyonda g\u00f6zalt\u0131na al\u0131nan Ye\u015fil kod adl\u0131 Mahmut Y\u0131ld\u0131r\u0131m\u2019\u0131n sa\u011f kolu olarak&#8230;<\/p>\n","protected":false},"author":1,"featured_media":374,"comment_status":"open","ping_status":"open","sticky":false,"template":"","format":"standard","meta":{"footnotes":""},"categories":[6],"tags":[],"class_list":["post-369","post","type-post","status-publish","format-standard","has-post-thumbnail","hentry","category-gundem"],"_links":{"self":[{"href":"https:\/\/magazinankarahaberim.com\/index.php\/wp-json\/wp\/v2\/posts\/369","targetHints":{"allow":["GET"]}}],"collection":[{"href":"https:\/\/magazinankarahaberim.com\/index.php\/wp-json\/wp\/v2\/posts"}],"about":[{"href":"https:\/\/magazinankarahaberim.com\/index.php\/wp-json\/wp\/v2\/types\/post"}],"author":[{"embeddable":true,"href":"https:\/\/magazinankarahaberim.com\/index.php\/wp-json\/wp\/v2\/users\/1"}],"replies":[{"embeddable":true,"href":"https:\/\/magazinankarahaberim.com\/index.php\/wp-json\/wp\/v2\/comments?post=369"}],"version-history":[{"count":1,"href":"https:\/\/magazinankarahaberim.com\/index.php\/wp-json\/wp\/v2\/posts\/369\/revisions"}],"predecessor-version":[{"id":371,"href":"https:\/\/magazinankarahaberim.com\/index.php\/wp-json\/wp\/v2\/posts\/369\/revisions\/371"}],"wp:featuredmedia":[{"embeddable":true,"href":"https:\/\/magazinankarahaberim.com\/index.php\/wp-json\/wp\/v2\/media\/374"}],"wp:attachment":[{"href":"https:\/\/magazinankarahaberim.com\/index.php\/wp-json\/wp\/v2\/media?parent=369"}],"wp:term":[{"taxonomy":"category","embeddable":true,"href":"https:\/\/magazinankarahaberim.com\/index.php\/wp-json\/wp\/v2\/categories?post=369"},{"taxonomy":"post_tag","embeddable":true,"href":"https:\/\/magazinankarahaberim.com\/index.php\/wp-json\/wp\/v2\/tags?post=369"}],"curies":[{"name":"wp","href":"https:\/\/api.w.org\/{rel}","templated":true}]}}