{"id":2551,"date":"2022-08-13T22:01:14","date_gmt":"2022-08-13T22:01:14","guid":{"rendered":"https:\/\/magazinankarahaberim.com\/?p=2551"},"modified":"2022-08-13T22:01:14","modified_gmt":"2022-08-13T22:01:14","slug":"siddet-gorup-kacan-esini-terminalde-oldurdu","status":"publish","type":"post","link":"https:\/\/magazinankarahaberim.com\/index.php\/2022\/08\/13\/siddet-gorup-kacan-esini-terminalde-oldurdu\/","title":{"rendered":"\u015eiddet g\u00f6r\u00fcp ka\u00e7an e\u015fini terminalde \u00f6ld\u00fcrd\u00fc!"},"content":{"rendered":"<p>\u0130zmir&#8217;in Dikili il\u00e7esinde ya\u015fayan Hanife \u00c7ak\u0131c\u0131 (33) iddiaya g\u00f6re, s\u00fcrekli \u015fiddet g\u00f6rd\u00fc\u011f\u00fc e\u015fi Haydar \u00c7ak\u0131c\u0131&#8217;dan (34) ka\u00e7mak i\u00e7in gitti\u011fi otob\u00fcs terminalinde e\u015fi taraf\u0131ndan defalarca b\u0131\u00e7akland\u0131. Ald\u0131\u011f\u0131 4 b\u0131\u00e7ak darbesiyle kanlar i\u00e7inde kalan Hanife \u00c7ak\u0131c\u0131 ya\u015fam\u0131n\u0131 yitirirken, katil zanl\u0131s\u0131 Haydar \u00c7ak\u0131c\u0131 ise polis taraf\u0131ndan g\u00f6zalt\u0131na al\u0131nd\u0131.<\/p>\n<p>Kaynak: https:\/\/m.haberturk.com\/siddet-gorup-kacan-esini-terminalde-oldurdu-3493604<\/p>\n","protected":false},"excerpt":{"rendered":"<p>\u0130zmir&#8217;in Dikili il\u00e7esinde ya\u015fayan Hanife \u00c7ak\u0131c\u0131 (33) iddiaya g\u00f6re, s\u00fcrekli \u015fiddet g\u00f6rd\u00fc\u011f\u00fc e\u015fi Haydar \u00c7ak\u0131c\u0131&#8217;dan (34) ka\u00e7mak&#8230;<\/p>\n","protected":false},"author":1,"featured_media":2552,"comment_status":"open","ping_status":"open","sticky":false,"template":"","format":"standard","meta":{"footnotes":""},"categories":[6],"tags":[],"class_list":["post-2551","post","type-post","status-publish","format-standard","has-post-thumbnail","hentry","category-gundem"],"_links":{"self":[{"href":"https:\/\/magazinankarahaberim.com\/index.php\/wp-json\/wp\/v2\/posts\/2551","targetHints":{"allow":["GET"]}}],"collection":[{"href":"https:\/\/magazinankarahaberim.com\/index.php\/wp-json\/wp\/v2\/posts"}],"about":[{"href":"https:\/\/magazinankarahaberim.com\/index.php\/wp-json\/wp\/v2\/types\/post"}],"author":[{"embeddable":true,"href":"https:\/\/magazinankarahaberim.com\/index.php\/wp-json\/wp\/v2\/users\/1"}],"replies":[{"embeddable":true,"href":"https:\/\/magazinankarahaberim.com\/index.php\/wp-json\/wp\/v2\/comments?post=2551"}],"version-history":[{"count":1,"href":"https:\/\/magazinankarahaberim.com\/index.php\/wp-json\/wp\/v2\/posts\/2551\/revisions"}],"predecessor-version":[{"id":2553,"href":"https:\/\/magazinankarahaberim.com\/index.php\/wp-json\/wp\/v2\/posts\/2551\/revisions\/2553"}],"wp:featuredmedia":[{"embeddable":true,"href":"https:\/\/magazinankarahaberim.com\/index.php\/wp-json\/wp\/v2\/media\/2552"}],"wp:attachment":[{"href":"https:\/\/magazinankarahaberim.com\/index.php\/wp-json\/wp\/v2\/media?parent=2551"}],"wp:term":[{"taxonomy":"category","embeddable":true,"href":"https:\/\/magazinankarahaberim.com\/index.php\/wp-json\/wp\/v2\/categories?post=2551"},{"taxonomy":"post_tag","embeddable":true,"href":"https:\/\/magazinankarahaberim.com\/index.php\/wp-json\/wp\/v2\/tags?post=2551"}],"curies":[{"name":"wp","href":"https:\/\/api.w.org\/{rel}","templated":true}]}}