{"id":2521,"date":"2022-07-28T19:43:27","date_gmt":"2022-07-28T19:43:27","guid":{"rendered":"https:\/\/magazinankarahaberim.com\/?p=2521"},"modified":"2022-07-28T19:43:27","modified_gmt":"2022-07-28T19:43:27","slug":"ilhan-irem-hayatini-kaybetti","status":"publish","type":"post","link":"https:\/\/magazinankarahaberim.com\/index.php\/2022\/07\/28\/ilhan-irem-hayatini-kaybetti\/","title":{"rendered":"\u0130lhan \u0130rem hayat\u0131n\u0131 kaybetti."},"content":{"rendered":"<p>T\u00fcrk m\u00fczi\u011finin unutulmaz isimlerinden \u015fark\u0131c\u0131 ve s\u00f6z yazar\u0131 \u0130lhan \u0130rem, 67 ya\u015f\u0131nda hayat\u0131n\u0131 kaybetti. B\u00f6brek yetmezli\u011fi te\u015fhisi konulan \u0130lhan \u0130rem, diyaliz tedavisi g\u00f6r\u00fcyordu.<\/p>\n<p>Kaynak: A.Ajans\u0131<\/p>\n","protected":false},"excerpt":{"rendered":"<p>T\u00fcrk m\u00fczi\u011finin unutulmaz isimlerinden \u015fark\u0131c\u0131 ve s\u00f6z yazar\u0131 \u0130lhan \u0130rem, 67 ya\u015f\u0131nda hayat\u0131n\u0131 kaybetti. B\u00f6brek yetmezli\u011fi te\u015fhisi&#8230;<\/p>\n","protected":false},"author":1,"featured_media":2522,"comment_status":"open","ping_status":"open","sticky":false,"template":"","format":"standard","meta":{"footnotes":""},"categories":[6,9,15],"tags":[],"class_list":["post-2521","post","type-post","status-publish","format-standard","has-post-thumbnail","hentry","category-gundem","category-magazin","category-yasam"],"_links":{"self":[{"href":"https:\/\/magazinankarahaberim.com\/index.php\/wp-json\/wp\/v2\/posts\/2521","targetHints":{"allow":["GET"]}}],"collection":[{"href":"https:\/\/magazinankarahaberim.com\/index.php\/wp-json\/wp\/v2\/posts"}],"about":[{"href":"https:\/\/magazinankarahaberim.com\/index.php\/wp-json\/wp\/v2\/types\/post"}],"author":[{"embeddable":true,"href":"https:\/\/magazinankarahaberim.com\/index.php\/wp-json\/wp\/v2\/users\/1"}],"replies":[{"embeddable":true,"href":"https:\/\/magazinankarahaberim.com\/index.php\/wp-json\/wp\/v2\/comments?post=2521"}],"version-history":[{"count":1,"href":"https:\/\/magazinankarahaberim.com\/index.php\/wp-json\/wp\/v2\/posts\/2521\/revisions"}],"predecessor-version":[{"id":2523,"href":"https:\/\/magazinankarahaberim.com\/index.php\/wp-json\/wp\/v2\/posts\/2521\/revisions\/2523"}],"wp:featuredmedia":[{"embeddable":true,"href":"https:\/\/magazinankarahaberim.com\/index.php\/wp-json\/wp\/v2\/media\/2522"}],"wp:attachment":[{"href":"https:\/\/magazinankarahaberim.com\/index.php\/wp-json\/wp\/v2\/media?parent=2521"}],"wp:term":[{"taxonomy":"category","embeddable":true,"href":"https:\/\/magazinankarahaberim.com\/index.php\/wp-json\/wp\/v2\/categories?post=2521"},{"taxonomy":"post_tag","embeddable":true,"href":"https:\/\/magazinankarahaberim.com\/index.php\/wp-json\/wp\/v2\/tags?post=2521"}],"curies":[{"name":"wp","href":"https:\/\/api.w.org\/{rel}","templated":true}]}}