{"id":2487,"date":"2022-07-27T20:39:12","date_gmt":"2022-07-27T20:39:12","guid":{"rendered":"https:\/\/magazinankarahaberim.com\/?p=2487"},"modified":"2022-07-27T20:39:12","modified_gmt":"2022-07-27T20:39:12","slug":"vanli-kara-haydardan-ornek-davranis","status":"publish","type":"post","link":"https:\/\/magazinankarahaberim.com\/index.php\/2022\/07\/27\/vanli-kara-haydardan-ornek-davranis\/","title":{"rendered":"VANLI KARA HAYDAR&#8217;DAN \u00d6RNEK DAVRANI\u015e !"},"content":{"rendered":"<p>\u00dcnl\u00fc i\u015f insan\u0131 Vanl\u0131 Kara Haydar instagram hesab\u0131ndan bir payla\u015f\u0131mda bulundu, yak\u0131nda olacak do\u011fum g\u00fcn\u00fcnde sevdiklerinden hediye yerine ba\u011f\u0131\u015f yapmalar\u0131n\u0131 istedi.<\/p>\n<p>&#8220;Hangi hediye otizmli bir \u00e7ocu\u011fun hayat\u0131n\u0131 de\u011fi\u015ftirmekten daha de\u011ferli olabilir ki?&#8221; ifadelerini kullanan Haydar bey s\u00f6zlerini \u015f\u00f6yle s\u00fcrd\u00fcrd\u00fc:<\/p>\n<p>Tohum Otizm Vakf\u0131\u2019na ba\u011f\u0131\u015flad\u0131\u011f\u0131m do\u011fum g\u00fcn\u00fcm i\u00e7in yapaca\u011f\u0131n\u0131z ba\u011f\u0131\u015flar benim i\u00e7in unutulmaz bir hediye olacak. Otizmli \u00e7ocuklar\u0131n tek \u00e7areleri olan yo\u011fun, \u00f6zel ve s\u00fcrekli e\u011fitimlerine devam edebilmeleri i\u00e7in deste\u011finize ihtiya\u00e7lar\u0131 var. Do\u011fum g\u00fcn\u00fcm, otizmli \u00e7ocuklara umut olsun dedi.<\/p>\n<p>Kaynak: Asf haber ajans\u0131 Ceren Deniz \u00c7avu\u015f\u00a0<\/p>\n","protected":false},"excerpt":{"rendered":"<p>\u00dcnl\u00fc i\u015f insan\u0131 Vanl\u0131 Kara Haydar instagram hesab\u0131ndan bir payla\u015f\u0131mda bulundu, yak\u0131nda olacak do\u011fum g\u00fcn\u00fcnde sevdiklerinden hediye&#8230;<\/p>\n","protected":false},"author":1,"featured_media":2488,"comment_status":"open","ping_status":"open","sticky":false,"template":"","format":"standard","meta":{"footnotes":""},"categories":[6],"tags":[22],"class_list":["post-2487","post","type-post","status-publish","format-standard","has-post-thumbnail","hentry","category-gundem","tag-vanli-kara-haydar"],"_links":{"self":[{"href":"https:\/\/magazinankarahaberim.com\/index.php\/wp-json\/wp\/v2\/posts\/2487","targetHints":{"allow":["GET"]}}],"collection":[{"href":"https:\/\/magazinankarahaberim.com\/index.php\/wp-json\/wp\/v2\/posts"}],"about":[{"href":"https:\/\/magazinankarahaberim.com\/index.php\/wp-json\/wp\/v2\/types\/post"}],"author":[{"embeddable":true,"href":"https:\/\/magazinankarahaberim.com\/index.php\/wp-json\/wp\/v2\/users\/1"}],"replies":[{"embeddable":true,"href":"https:\/\/magazinankarahaberim.com\/index.php\/wp-json\/wp\/v2\/comments?post=2487"}],"version-history":[{"count":1,"href":"https:\/\/magazinankarahaberim.com\/index.php\/wp-json\/wp\/v2\/posts\/2487\/revisions"}],"predecessor-version":[{"id":2489,"href":"https:\/\/magazinankarahaberim.com\/index.php\/wp-json\/wp\/v2\/posts\/2487\/revisions\/2489"}],"wp:featuredmedia":[{"embeddable":true,"href":"https:\/\/magazinankarahaberim.com\/index.php\/wp-json\/wp\/v2\/media\/2488"}],"wp:attachment":[{"href":"https:\/\/magazinankarahaberim.com\/index.php\/wp-json\/wp\/v2\/media?parent=2487"}],"wp:term":[{"taxonomy":"category","embeddable":true,"href":"https:\/\/magazinankarahaberim.com\/index.php\/wp-json\/wp\/v2\/categories?post=2487"},{"taxonomy":"post_tag","embeddable":true,"href":"https:\/\/magazinankarahaberim.com\/index.php\/wp-json\/wp\/v2\/tags?post=2487"}],"curies":[{"name":"wp","href":"https:\/\/api.w.org\/{rel}","templated":true}]}}