{"id":2178,"date":"2022-02-17T21:05:13","date_gmt":"2022-02-17T21:05:13","guid":{"rendered":"https:\/\/magazinankarahaberim.com\/?p=2178"},"modified":"2022-02-17T21:05:14","modified_gmt":"2022-02-17T21:05:14","slug":"fenerbahce-2-slavia-prag-3-mac-sonucu","status":"publish","type":"post","link":"https:\/\/magazinankarahaberim.com\/index.php\/2022\/02\/17\/fenerbahce-2-slavia-prag-3-mac-sonucu\/","title":{"rendered":"Fenerbah\u00e7e: 2 &#8211; Slavia Prag: 3 MA\u00c7 SONUCU"},"content":{"rendered":"\n<p>Temsilcimiz Fenerbah\u00e7e, UEFA Avrupa Konferans Ligi play-off turunun ilk ma\u00e7\u0131nda \u00c7ekya ekibi Slavia Prag&#8217;\u0131 konuk etti. Sar\u0131-lacivertliler, play-off turu ilk ma\u00e7\u0131nda rakibine 3-2 ma\u011flup olarak tur \u015fans\u0131n\u0131 zora soktu. Ferdi Kad\u0131o\u011flu 1 gol, 1 asist yapsa da yenilgiyi \u00f6nleyemedi<\/p>\n","protected":false},"excerpt":{"rendered":"<p>Temsilcimiz Fenerbah\u00e7e, UEFA Avrupa Konferans Ligi play-off turunun ilk ma\u00e7\u0131nda \u00c7ekya ekibi Slavia Prag&#8217;\u0131 konuk etti. Sar\u0131-lacivertliler,&#8230;<\/p>\n","protected":false},"author":1,"featured_media":2179,"comment_status":"open","ping_status":"open","sticky":false,"template":"","format":"standard","meta":{"footnotes":""},"categories":[6,12],"tags":[],"class_list":["post-2178","post","type-post","status-publish","format-standard","has-post-thumbnail","hentry","category-gundem","category-spor"],"_links":{"self":[{"href":"https:\/\/magazinankarahaberim.com\/index.php\/wp-json\/wp\/v2\/posts\/2178","targetHints":{"allow":["GET"]}}],"collection":[{"href":"https:\/\/magazinankarahaberim.com\/index.php\/wp-json\/wp\/v2\/posts"}],"about":[{"href":"https:\/\/magazinankarahaberim.com\/index.php\/wp-json\/wp\/v2\/types\/post"}],"author":[{"embeddable":true,"href":"https:\/\/magazinankarahaberim.com\/index.php\/wp-json\/wp\/v2\/users\/1"}],"replies":[{"embeddable":true,"href":"https:\/\/magazinankarahaberim.com\/index.php\/wp-json\/wp\/v2\/comments?post=2178"}],"version-history":[{"count":1,"href":"https:\/\/magazinankarahaberim.com\/index.php\/wp-json\/wp\/v2\/posts\/2178\/revisions"}],"predecessor-version":[{"id":2180,"href":"https:\/\/magazinankarahaberim.com\/index.php\/wp-json\/wp\/v2\/posts\/2178\/revisions\/2180"}],"wp:featuredmedia":[{"embeddable":true,"href":"https:\/\/magazinankarahaberim.com\/index.php\/wp-json\/wp\/v2\/media\/2179"}],"wp:attachment":[{"href":"https:\/\/magazinankarahaberim.com\/index.php\/wp-json\/wp\/v2\/media?parent=2178"}],"wp:term":[{"taxonomy":"category","embeddable":true,"href":"https:\/\/magazinankarahaberim.com\/index.php\/wp-json\/wp\/v2\/categories?post=2178"},{"taxonomy":"post_tag","embeddable":true,"href":"https:\/\/magazinankarahaberim.com\/index.php\/wp-json\/wp\/v2\/tags?post=2178"}],"curies":[{"name":"wp","href":"https:\/\/api.w.org\/{rel}","templated":true}]}}