{"id":2115,"date":"2022-01-11T21:33:44","date_gmt":"2022-01-11T21:33:44","guid":{"rendered":"https:\/\/magazinankarahaberim.com\/?p=2115"},"modified":"2022-01-11T21:33:46","modified_gmt":"2022-01-11T21:33:46","slug":"konyasporlu-ahmet-calik-trafik-kazasinda-hayatini-kaybetti","status":"publish","type":"post","link":"https:\/\/magazinankarahaberim.com\/index.php\/2022\/01\/11\/konyasporlu-ahmet-calik-trafik-kazasinda-hayatini-kaybetti\/","title":{"rendered":"Konyasporlu Ahmet \u00c7al\u0131k trafik kazas\u0131nda hayat\u0131n\u0131 kaybetti!"},"content":{"rendered":"\n<p>Son dakika Konyasporlu\u00a0<a rel=\"noreferrer noopener\" href=\"https:\/\/www.hurriyet.com.tr\/haberleri\/futbolcu\" target=\"_blank\">Futbolcu<\/a>\u00a0Ahmet \u00c7al\u0131k&#8217;tan \u00fcz\u00fcc\u00fc haber.. Spor Toto\u00a0<a rel=\"noreferrer noopener\" href=\"https:\/\/www.hurriyet.com.tr\/super-lig-41898336\" target=\"_blank\">S\u00fcper Lig<\/a>\u00a0ekiplerinden\u00a0<a rel=\"noreferrer noopener\" href=\"https:\/\/www.hurriyet.com.tr\/haberleri\/konyaspor\" target=\"_blank\">Konyaspor<\/a>&#8216;da forma giyen futbolcu Ahmet \u00c7al\u0131k (28), Ankara&#8217;da ge\u00e7irdi\u011fi trafik kazas\u0131nda ya\u015fam\u0131n\u0131 yitirdi. Kaza, saat 09.00 s\u0131ralar\u0131nda, G\u00f6lba\u015f\u0131 il\u00e7esi Hac\u0131lar Mahallesi&#8217;nde meydana geldi. Ahmet \u00c7al\u0131k&#8217;\u0131n \u00f6l\u00fcm\u00fc spor d\u00fcnyas\u0131n\u0131 h\u00fczne bo\u011fdu.<\/p>\n\n\n\n<p><\/p>\n\n\n\n<p><\/p>\n","protected":false},"excerpt":{"rendered":"<p>Son dakika Konyasporlu\u00a0Futbolcu\u00a0Ahmet \u00c7al\u0131k&#8217;tan \u00fcz\u00fcc\u00fc haber.. Spor Toto\u00a0S\u00fcper Lig\u00a0ekiplerinden\u00a0Konyaspor&#8216;da forma giyen futbolcu Ahmet \u00c7al\u0131k (28), Ankara&#8217;da ge\u00e7irdi\u011fi&#8230;<\/p>\n","protected":false},"author":1,"featured_media":2116,"comment_status":"open","ping_status":"open","sticky":false,"template":"","format":"standard","meta":{"footnotes":""},"categories":[6,12],"tags":[],"class_list":["post-2115","post","type-post","status-publish","format-standard","has-post-thumbnail","hentry","category-gundem","category-spor"],"_links":{"self":[{"href":"https:\/\/magazinankarahaberim.com\/index.php\/wp-json\/wp\/v2\/posts\/2115","targetHints":{"allow":["GET"]}}],"collection":[{"href":"https:\/\/magazinankarahaberim.com\/index.php\/wp-json\/wp\/v2\/posts"}],"about":[{"href":"https:\/\/magazinankarahaberim.com\/index.php\/wp-json\/wp\/v2\/types\/post"}],"author":[{"embeddable":true,"href":"https:\/\/magazinankarahaberim.com\/index.php\/wp-json\/wp\/v2\/users\/1"}],"replies":[{"embeddable":true,"href":"https:\/\/magazinankarahaberim.com\/index.php\/wp-json\/wp\/v2\/comments?post=2115"}],"version-history":[{"count":1,"href":"https:\/\/magazinankarahaberim.com\/index.php\/wp-json\/wp\/v2\/posts\/2115\/revisions"}],"predecessor-version":[{"id":2117,"href":"https:\/\/magazinankarahaberim.com\/index.php\/wp-json\/wp\/v2\/posts\/2115\/revisions\/2117"}],"wp:featuredmedia":[{"embeddable":true,"href":"https:\/\/magazinankarahaberim.com\/index.php\/wp-json\/wp\/v2\/media\/2116"}],"wp:attachment":[{"href":"https:\/\/magazinankarahaberim.com\/index.php\/wp-json\/wp\/v2\/media?parent=2115"}],"wp:term":[{"taxonomy":"category","embeddable":true,"href":"https:\/\/magazinankarahaberim.com\/index.php\/wp-json\/wp\/v2\/categories?post=2115"},{"taxonomy":"post_tag","embeddable":true,"href":"https:\/\/magazinankarahaberim.com\/index.php\/wp-json\/wp\/v2\/tags?post=2115"}],"curies":[{"name":"wp","href":"https:\/\/api.w.org\/{rel}","templated":true}]}}