{"id":2112,"date":"2022-01-11T21:29:55","date_gmt":"2022-01-11T21:29:55","guid":{"rendered":"https:\/\/magazinankarahaberim.com\/?p=2112"},"modified":"2022-01-11T21:29:58","modified_gmt":"2022-01-11T21:29:58","slug":"galatasaray-baskani-burak-elmastan-domenec-torrent-ve-fatih-terim-aciklamasi","status":"publish","type":"post","link":"https:\/\/magazinankarahaberim.com\/index.php\/2022\/01\/11\/galatasaray-baskani-burak-elmastan-domenec-torrent-ve-fatih-terim-aciklamasi\/","title":{"rendered":"Galatasaray Ba\u015fkan\u0131 Burak Elmas&#8217;tan Domenec Torrent ve Fatih Terim a\u00e7\u0131klamas\u0131!"},"content":{"rendered":"\n<p>Galatasaray Ba\u015fkan\u0131 Burak Elmas, NEF Stad\u0131 \u00d6zhan Canayd\u0131n Salonu&#8217;nda d\u00fczenledi\u011fi bas\u0131n toplant\u0131s\u0131nda sar\u0131 k\u0131rm\u0131z\u0131l\u0131 kul\u00fcb\u00fcn g\u00fcndemine dair de\u011ferlendirmelerde bulundu. Fatih Terim&#8217;le yollar\u0131n ayr\u0131lmas\u0131na dair konu\u015fan Burak Elmas, deneyimli \u00e7al\u0131\u015ft\u0131r\u0131c\u0131n\u0131n tazminat talebinin olmad\u0131\u011f\u0131n\u0131 ve olayl\u0131 bir \u015fekilde ayr\u0131lmad\u0131klar\u0131n\u0131 belirtti. Yeni teknik direkt\u00f6r konusuna da a\u00e7\u0131kl\u0131k getiren Elmas, bir d\u00f6nem Guardiola&#8217;n\u0131n yard\u0131mc\u0131l\u0131\u011f\u0131n\u0131 da yapan \u0130spanyol \u00e7al\u0131\u015ft\u0131r\u0131c\u0131 Domenec Torrent ile anla\u015fmaya vard\u0131klar\u0131n\u0131 a\u00e7\u0131klad\u0131.<\/p>\n","protected":false},"excerpt":{"rendered":"<p>Galatasaray Ba\u015fkan\u0131 Burak Elmas, NEF Stad\u0131 \u00d6zhan Canayd\u0131n Salonu&#8217;nda d\u00fczenledi\u011fi bas\u0131n toplant\u0131s\u0131nda sar\u0131 k\u0131rm\u0131z\u0131l\u0131 kul\u00fcb\u00fcn g\u00fcndemine dair&#8230;<\/p>\n","protected":false},"author":1,"featured_media":2113,"comment_status":"open","ping_status":"open","sticky":false,"template":"","format":"standard","meta":{"footnotes":""},"categories":[6,12],"tags":[],"class_list":["post-2112","post","type-post","status-publish","format-standard","has-post-thumbnail","hentry","category-gundem","category-spor"],"_links":{"self":[{"href":"https:\/\/magazinankarahaberim.com\/index.php\/wp-json\/wp\/v2\/posts\/2112","targetHints":{"allow":["GET"]}}],"collection":[{"href":"https:\/\/magazinankarahaberim.com\/index.php\/wp-json\/wp\/v2\/posts"}],"about":[{"href":"https:\/\/magazinankarahaberim.com\/index.php\/wp-json\/wp\/v2\/types\/post"}],"author":[{"embeddable":true,"href":"https:\/\/magazinankarahaberim.com\/index.php\/wp-json\/wp\/v2\/users\/1"}],"replies":[{"embeddable":true,"href":"https:\/\/magazinankarahaberim.com\/index.php\/wp-json\/wp\/v2\/comments?post=2112"}],"version-history":[{"count":1,"href":"https:\/\/magazinankarahaberim.com\/index.php\/wp-json\/wp\/v2\/posts\/2112\/revisions"}],"predecessor-version":[{"id":2114,"href":"https:\/\/magazinankarahaberim.com\/index.php\/wp-json\/wp\/v2\/posts\/2112\/revisions\/2114"}],"wp:featuredmedia":[{"embeddable":true,"href":"https:\/\/magazinankarahaberim.com\/index.php\/wp-json\/wp\/v2\/media\/2113"}],"wp:attachment":[{"href":"https:\/\/magazinankarahaberim.com\/index.php\/wp-json\/wp\/v2\/media?parent=2112"}],"wp:term":[{"taxonomy":"category","embeddable":true,"href":"https:\/\/magazinankarahaberim.com\/index.php\/wp-json\/wp\/v2\/categories?post=2112"},{"taxonomy":"post_tag","embeddable":true,"href":"https:\/\/magazinankarahaberim.com\/index.php\/wp-json\/wp\/v2\/tags?post=2112"}],"curies":[{"name":"wp","href":"https:\/\/api.w.org\/{rel}","templated":true}]}}