{"id":1841,"date":"2021-06-24T21:34:03","date_gmt":"2021-06-24T21:34:03","guid":{"rendered":"https:\/\/magazinankarahaberim.com\/?p=1841"},"modified":"2021-06-24T21:34:06","modified_gmt":"2021-06-24T21:34:06","slug":"turkiyenin-eli-guclendi-dogalgaz-ucuzlayacak","status":"publish","type":"post","link":"https:\/\/magazinankarahaberim.com\/index.php\/2021\/06\/24\/turkiyenin-eli-guclendi-dogalgaz-ucuzlayacak\/","title":{"rendered":"T\u00fcrkiye&#8217;nin eli g\u00fc\u00e7lendi, do\u011falgaz ucuzlayacak !"},"content":{"rendered":"\n<p>SOCAR T\u00fcrkiye CEO\u2019su Zaur Gahramanov, T\u00fcrkiye&#8217;nin do\u011falgaz kaynaklar\u0131n\u0131n ve tedarik imkanlar\u0131n\u0131n \u00e7e\u015fitlendi\u011fine dikkat \u00e7ekerek &#8220;\u00d6zellikle yerli ve yenilenebilir kaynaklar\u0131n artmas\u0131, \u00e7e\u015fitlenmesi ile T\u00fcrkiye\u2019nin do\u011falgaz maliyetlerinin d\u00fc\u015fmesini bekliyoruz. \u00d6te yandan Karadeniz\u2019deki rezerv ke\u015ffi T\u00fcrkiye\u2019nin do\u011falgaz tedarikinde elini g\u00fc\u00e7lendirecek geli\u015fmelerdir. T\u00fcm bunlar fiyatlar\u0131n t\u00fcketici lehine de\u011fi\u015fmesi konusunda etkisi olabilecek \u00f6nemli etkenler&#8221; dedi. Karadeniz&#8217;de gaz\u0131n \u00e7\u0131kar\u0131lmas\u0131 i\u00e7in tecr\u00fcbe ve teknolojileri ile \u00fczerlerine d\u00fc\u015feni yapmaya haz\u0131r olduklar\u0131n\u0131 belirten Gahramanov, ikince Petkim yat\u0131r\u0131m\u0131 i\u00e7in farkl\u0131 ortakl\u0131k giri\u015fimlerinin oldu\u011funu da a\u00e7\u0131klad\u0131.<\/p>\n","protected":false},"excerpt":{"rendered":"<p>SOCAR T\u00fcrkiye CEO\u2019su Zaur Gahramanov, T\u00fcrkiye&#8217;nin do\u011falgaz kaynaklar\u0131n\u0131n ve tedarik imkanlar\u0131n\u0131n \u00e7e\u015fitlendi\u011fine dikkat \u00e7ekerek &#8220;\u00d6zellikle yerli ve&#8230;<\/p>\n","protected":false},"author":1,"featured_media":1842,"comment_status":"open","ping_status":"open","sticky":false,"template":"","format":"standard","meta":{"footnotes":""},"categories":[4,6],"tags":[],"class_list":["post-1841","post","type-post","status-publish","format-standard","has-post-thumbnail","hentry","category-ekonomi","category-gundem"],"_links":{"self":[{"href":"https:\/\/magazinankarahaberim.com\/index.php\/wp-json\/wp\/v2\/posts\/1841","targetHints":{"allow":["GET"]}}],"collection":[{"href":"https:\/\/magazinankarahaberim.com\/index.php\/wp-json\/wp\/v2\/posts"}],"about":[{"href":"https:\/\/magazinankarahaberim.com\/index.php\/wp-json\/wp\/v2\/types\/post"}],"author":[{"embeddable":true,"href":"https:\/\/magazinankarahaberim.com\/index.php\/wp-json\/wp\/v2\/users\/1"}],"replies":[{"embeddable":true,"href":"https:\/\/magazinankarahaberim.com\/index.php\/wp-json\/wp\/v2\/comments?post=1841"}],"version-history":[{"count":1,"href":"https:\/\/magazinankarahaberim.com\/index.php\/wp-json\/wp\/v2\/posts\/1841\/revisions"}],"predecessor-version":[{"id":1843,"href":"https:\/\/magazinankarahaberim.com\/index.php\/wp-json\/wp\/v2\/posts\/1841\/revisions\/1843"}],"wp:featuredmedia":[{"embeddable":true,"href":"https:\/\/magazinankarahaberim.com\/index.php\/wp-json\/wp\/v2\/media\/1842"}],"wp:attachment":[{"href":"https:\/\/magazinankarahaberim.com\/index.php\/wp-json\/wp\/v2\/media?parent=1841"}],"wp:term":[{"taxonomy":"category","embeddable":true,"href":"https:\/\/magazinankarahaberim.com\/index.php\/wp-json\/wp\/v2\/categories?post=1841"},{"taxonomy":"post_tag","embeddable":true,"href":"https:\/\/magazinankarahaberim.com\/index.php\/wp-json\/wp\/v2\/tags?post=1841"}],"curies":[{"name":"wp","href":"https:\/\/api.w.org\/{rel}","templated":true}]}}