{"id":14348,"date":"2023-03-02T20:07:38","date_gmt":"2023-03-02T20:07:38","guid":{"rendered":"https:\/\/magazinankarahaberim.com\/?p=14348"},"modified":"2023-03-02T20:07:38","modified_gmt":"2023-03-02T20:07:38","slug":"altili-masa-pazartesi-gunu-nihai-aciklamayi-kamuoyu-ile-paylasmak-uzere-yeniden-toplanacak","status":"publish","type":"post","link":"https:\/\/magazinankarahaberim.com\/index.php\/2023\/03\/02\/altili-masa-pazartesi-gunu-nihai-aciklamayi-kamuoyu-ile-paylasmak-uzere-yeniden-toplanacak\/","title":{"rendered":"Alt\u0131l\u0131 Masa Pazartesi g\u00fcn\u00fc nihai a\u00e7\u0131klamay\u0131 kamuoyu ile payla\u015fmak \u00fczere yeniden toplanacak"},"content":{"rendered":"<p>Alt\u0131l\u0131 Masa&#8217;n\u0131n 5.5 saat s\u00fcren toplant\u0131s\u0131n\u0131n ard\u0131ndan yap\u0131lan a\u00e7\u0131klamada &#8220;28. D\u00f6nem TBMM ve 13. Cumhurba\u015fkanl\u0131\u011f\u0131 se\u00e7imlerinde ortak Cumhurba\u015fkan\u0131 aday\u0131m\u0131z ve ge\u00e7i\u015f s\u00fcreci yol haritas\u0131 konusunda ortak bir anlay\u0131\u015fa ula\u015fm\u0131\u015f bulunuyoruz. Genel ba\u015fkanlar\u0131n partilerinin yetkili kurullar\u0131n\u0131 bilgilendirmeleri sonras\u0131 nihai a\u00e7\u0131klamay\u0131 6 Mart 2023 tarihinde kamuoyu ile payla\u015fmak \u00fczere Saadet Partisi\u2019nin ev sahipli\u011finde tekrar bir araya gelece\u011fiz&#8221; denildi.<br \/>\nKaynak: https:\/\/m.haberturk.com\/son-dakika-haberi-altili-masa-pazartesi-gunu-yeniden-toplanacak-3570385<\/p>\n","protected":false},"excerpt":{"rendered":"<p>Alt\u0131l\u0131 Masa&#8217;n\u0131n 5.5 saat s\u00fcren toplant\u0131s\u0131n\u0131n ard\u0131ndan yap\u0131lan a\u00e7\u0131klamada &#8220;28. D\u00f6nem TBMM ve 13. Cumhurba\u015fkanl\u0131\u011f\u0131 se\u00e7imlerinde ortak&#8230;<\/p>\n","protected":false},"author":1,"featured_media":14349,"comment_status":"open","ping_status":"open","sticky":false,"template":"","format":"standard","meta":{"footnotes":""},"categories":[6,10,15],"tags":[],"class_list":["post-14348","post","type-post","status-publish","format-standard","has-post-thumbnail","hentry","category-gundem","category-politika","category-yasam"],"_links":{"self":[{"href":"https:\/\/magazinankarahaberim.com\/index.php\/wp-json\/wp\/v2\/posts\/14348","targetHints":{"allow":["GET"]}}],"collection":[{"href":"https:\/\/magazinankarahaberim.com\/index.php\/wp-json\/wp\/v2\/posts"}],"about":[{"href":"https:\/\/magazinankarahaberim.com\/index.php\/wp-json\/wp\/v2\/types\/post"}],"author":[{"embeddable":true,"href":"https:\/\/magazinankarahaberim.com\/index.php\/wp-json\/wp\/v2\/users\/1"}],"replies":[{"embeddable":true,"href":"https:\/\/magazinankarahaberim.com\/index.php\/wp-json\/wp\/v2\/comments?post=14348"}],"version-history":[{"count":1,"href":"https:\/\/magazinankarahaberim.com\/index.php\/wp-json\/wp\/v2\/posts\/14348\/revisions"}],"predecessor-version":[{"id":14350,"href":"https:\/\/magazinankarahaberim.com\/index.php\/wp-json\/wp\/v2\/posts\/14348\/revisions\/14350"}],"wp:featuredmedia":[{"embeddable":true,"href":"https:\/\/magazinankarahaberim.com\/index.php\/wp-json\/wp\/v2\/media\/14349"}],"wp:attachment":[{"href":"https:\/\/magazinankarahaberim.com\/index.php\/wp-json\/wp\/v2\/media?parent=14348"}],"wp:term":[{"taxonomy":"category","embeddable":true,"href":"https:\/\/magazinankarahaberim.com\/index.php\/wp-json\/wp\/v2\/categories?post=14348"},{"taxonomy":"post_tag","embeddable":true,"href":"https:\/\/magazinankarahaberim.com\/index.php\/wp-json\/wp\/v2\/tags?post=14348"}],"curies":[{"name":"wp","href":"https:\/\/api.w.org\/{rel}","templated":true}]}}