{"id":124,"date":"2020-06-23T06:11:01","date_gmt":"2020-06-23T06:11:01","guid":{"rendered":"https:\/\/magazinankarahaberim.com\/?p=124"},"modified":"2020-06-23T06:11:06","modified_gmt":"2020-06-23T06:11:06","slug":"libyadan-misira-macera-mesaji","status":"publish","type":"post","link":"https:\/\/magazinankarahaberim.com\/index.php\/2020\/06\/23\/libyadan-misira-macera-mesaji\/","title":{"rendered":"Libya&#8217;dan M\u0131s\u0131r&#8217;a &#8216;macera&#8217; mesaj\u0131!"},"content":{"rendered":"\n<p>M\u0131s\u0131r Cumhurba\u015fkan\u0131 Abdulfettah es-Sisi&#8217;nin &#8220;M\u0131s\u0131r ordusunun, gerek duyulmas\u0131 halinde \u00fclke s\u0131n\u0131rlar\u0131 d\u0131\u015f\u0131nda askeri bir g\u00f6revde bulunabilece\u011fi&#8221; mesaj\u0131n\u0131 vermesinin ard\u0131ndan,\u00a0<a href=\"https:\/\/m.haberturk.com\/yer\/libya\">Libya<\/a>\u00a0Devlet Y\u00fcksek Konseyi&#8217;nden yaz\u0131l\u0131 a\u00e7\u0131klama yap\u0131ld\u0131. A\u00e7\u0131klamada, &#8220;M\u0131s\u0131r ordusunun y\u0131llar \u00f6nce Yemen&#8217;de oldu\u011fu gibi Libya&#8217;da bir maceraya s\u00fcr\u00fcklenmesini beklemiyoruz.&#8221; ifadeleri yer ald\u0131.<\/p>\n","protected":false},"excerpt":{"rendered":"<p>M\u0131s\u0131r Cumhurba\u015fkan\u0131 Abdulfettah es-Sisi&#8217;nin &#8220;M\u0131s\u0131r ordusunun, gerek duyulmas\u0131 halinde \u00fclke s\u0131n\u0131rlar\u0131 d\u0131\u015f\u0131nda askeri bir g\u00f6revde bulunabilece\u011fi&#8221; mesaj\u0131n\u0131&#8230;<\/p>\n","protected":false},"author":1,"featured_media":126,"comment_status":"open","ping_status":"open","sticky":false,"template":"","format":"standard","meta":{"footnotes":""},"categories":[2],"tags":[],"class_list":["post-124","post","type-post","status-publish","format-standard","has-post-thumbnail","hentry","category-dunya"],"_links":{"self":[{"href":"https:\/\/magazinankarahaberim.com\/index.php\/wp-json\/wp\/v2\/posts\/124","targetHints":{"allow":["GET"]}}],"collection":[{"href":"https:\/\/magazinankarahaberim.com\/index.php\/wp-json\/wp\/v2\/posts"}],"about":[{"href":"https:\/\/magazinankarahaberim.com\/index.php\/wp-json\/wp\/v2\/types\/post"}],"author":[{"embeddable":true,"href":"https:\/\/magazinankarahaberim.com\/index.php\/wp-json\/wp\/v2\/users\/1"}],"replies":[{"embeddable":true,"href":"https:\/\/magazinankarahaberim.com\/index.php\/wp-json\/wp\/v2\/comments?post=124"}],"version-history":[{"count":1,"href":"https:\/\/magazinankarahaberim.com\/index.php\/wp-json\/wp\/v2\/posts\/124\/revisions"}],"predecessor-version":[{"id":127,"href":"https:\/\/magazinankarahaberim.com\/index.php\/wp-json\/wp\/v2\/posts\/124\/revisions\/127"}],"wp:featuredmedia":[{"embeddable":true,"href":"https:\/\/magazinankarahaberim.com\/index.php\/wp-json\/wp\/v2\/media\/126"}],"wp:attachment":[{"href":"https:\/\/magazinankarahaberim.com\/index.php\/wp-json\/wp\/v2\/media?parent=124"}],"wp:term":[{"taxonomy":"category","embeddable":true,"href":"https:\/\/magazinankarahaberim.com\/index.php\/wp-json\/wp\/v2\/categories?post=124"},{"taxonomy":"post_tag","embeddable":true,"href":"https:\/\/magazinankarahaberim.com\/index.php\/wp-json\/wp\/v2\/tags?post=124"}],"curies":[{"name":"wp","href":"https:\/\/api.w.org\/{rel}","templated":true}]}}