{"id":121,"date":"2020-06-23T06:06:17","date_gmt":"2020-06-23T06:06:17","guid":{"rendered":"https:\/\/magazinankarahaberim.com\/?p=121"},"modified":"2020-06-23T06:06:20","modified_gmt":"2020-06-23T06:06:20","slug":"meteorolojiden-onemli-uyari-bu-bolgelerde-saganak-var-sel-riski-cok","status":"publish","type":"post","link":"https:\/\/magazinankarahaberim.com\/index.php\/2020\/06\/23\/meteorolojiden-onemli-uyari-bu-bolgelerde-saganak-var-sel-riski-cok\/","title":{"rendered":"Meteoroloji&#8217;den \u00f6nemli uyar\u0131! Bu b\u00f6lgelerde sa\u011fanak var, sel riski \u00e7ok"},"content":{"rendered":"\n<p><a href=\"https:\/\/m.haberturk.com\/kurum\/meteoroloji\">Meteoroloji<\/a>&nbsp;Genel M\u00fcd\u00fcrl\u00fc\u011f\u00fc taraf\u0131ndan yap\u0131lan son de\u011ferlendirmelere g\u00f6re; \u00dclkemiz genelinin par\u00e7al\u0131 ve yer yer \u00e7ok bulutlu, Marmara, Ege, Bat\u0131 Akdeniz, \u0130\u00e7 Anadolu\u2019nun kuzeybat\u0131s\u0131, Bat\u0131 Karadeniz ile Osmaniye, Hatay-D\u00f6ryol, Amasya, \u00c7orum ve Yozgat \u00e7evrelerinin yerel olmak \u00fczere sa\u011fanak ve g\u00f6k g\u00fcr\u00fclt\u00fcl\u00fc sa\u011fanak ya\u011f\u0131\u015fl\u0131 ge\u00e7ece\u011fi tahmin ediliyor. Ya\u011f\u0131\u015flar\u0131n; Marmara, Kuzey Ege\u2019nin i\u00e7 kesimleri, Bat\u0131 Karadeniz (Sinop\u2019un i\u00e7 kesimleri),Ankara\u2019n\u0131n kuzey ve bat\u0131 kesimleri ile \u00c7ank\u0131r\u0131 ve Eski\u015fehir \u00e7evrelerinde yerel olarak kuvvetli olmas\u0131 bekleniyor.<\/p>\n\n\n\n<p>Hava s\u0131cakl\u0131\u011f\u0131n\u0131n i\u00e7 ve do\u011fu kesimlerde 2 ila 4 derece artaca\u011f\u0131, bat\u0131 b\u00f6lgelerde 1 ila 3 derece azalaca\u011f\u0131, di\u011fer yerlerde \u00f6nemli bir de\u011fi\u015fiklik olmayaca\u011f\u0131 ve mevsim normalleri civar\u0131nda seyredece\u011fi tahmin ediliyor. R\u00fczgar\u0131n genellikle bat\u0131 ve g\u00fcneybat\u0131, Karadeniz k\u0131y\u0131lar\u0131nda kuzeyli y\u00f6nlerden hafif, ara s\u0131ra orta kuvvette, ya\u011f\u0131\u015f alan yerlerde ya\u011f\u0131\u015f an\u0131nda yer yer kuvvetli olarak esece\u011fi tahmin ediliyor.<\/p>\n","protected":false},"excerpt":{"rendered":"<p>Meteoroloji&nbsp;Genel M\u00fcd\u00fcrl\u00fc\u011f\u00fc taraf\u0131ndan yap\u0131lan son de\u011ferlendirmelere g\u00f6re; \u00dclkemiz genelinin par\u00e7al\u0131 ve yer yer \u00e7ok bulutlu, Marmara, Ege,&#8230;<\/p>\n","protected":false},"author":1,"featured_media":122,"comment_status":"open","ping_status":"open","sticky":false,"template":"","format":"standard","meta":{"footnotes":""},"categories":[6],"tags":[],"class_list":["post-121","post","type-post","status-publish","format-standard","has-post-thumbnail","hentry","category-gundem"],"_links":{"self":[{"href":"https:\/\/magazinankarahaberim.com\/index.php\/wp-json\/wp\/v2\/posts\/121","targetHints":{"allow":["GET"]}}],"collection":[{"href":"https:\/\/magazinankarahaberim.com\/index.php\/wp-json\/wp\/v2\/posts"}],"about":[{"href":"https:\/\/magazinankarahaberim.com\/index.php\/wp-json\/wp\/v2\/types\/post"}],"author":[{"embeddable":true,"href":"https:\/\/magazinankarahaberim.com\/index.php\/wp-json\/wp\/v2\/users\/1"}],"replies":[{"embeddable":true,"href":"https:\/\/magazinankarahaberim.com\/index.php\/wp-json\/wp\/v2\/comments?post=121"}],"version-history":[{"count":1,"href":"https:\/\/magazinankarahaberim.com\/index.php\/wp-json\/wp\/v2\/posts\/121\/revisions"}],"predecessor-version":[{"id":123,"href":"https:\/\/magazinankarahaberim.com\/index.php\/wp-json\/wp\/v2\/posts\/121\/revisions\/123"}],"wp:featuredmedia":[{"embeddable":true,"href":"https:\/\/magazinankarahaberim.com\/index.php\/wp-json\/wp\/v2\/media\/122"}],"wp:attachment":[{"href":"https:\/\/magazinankarahaberim.com\/index.php\/wp-json\/wp\/v2\/media?parent=121"}],"wp:term":[{"taxonomy":"category","embeddable":true,"href":"https:\/\/magazinankarahaberim.com\/index.php\/wp-json\/wp\/v2\/categories?post=121"},{"taxonomy":"post_tag","embeddable":true,"href":"https:\/\/magazinankarahaberim.com\/index.php\/wp-json\/wp\/v2\/tags?post=121"}],"curies":[{"name":"wp","href":"https:\/\/api.w.org\/{rel}","templated":true}]}}