{"id":110,"date":"2020-06-22T22:59:39","date_gmt":"2020-06-22T22:59:39","guid":{"rendered":"https:\/\/magazinankarahaberim.com\/?p=110"},"modified":"2020-06-22T22:59:46","modified_gmt":"2020-06-22T22:59:46","slug":"tem-otoyolunda-feci-kaza","status":"publish","type":"post","link":"https:\/\/magazinankarahaberim.com\/index.php\/2020\/06\/22\/tem-otoyolunda-feci-kaza\/","title":{"rendered":"TEM Otoyolu&#8217;nda feci kaza!"},"content":{"rendered":"\n<p>Olay, 20.30 s\u0131ralar\u0131nda TEM Otoyolu Edirne istikametinde meydana geldi. \u0130ddiaya g\u00f6re, Ozan \u00c7etinkaya&#8217;n\u0131n kulland\u0131\u011f\u0131 otomobil, s\u00fcr\u00fcc\u00fcs\u00fcn\u00fcn direksiyon h\u00e2kimiyetini kaybetmesiyle kontrolden \u00e7\u0131karak a\u011faca \u00e7arpt\u0131.<\/p>\n\n\n\n<p>Haber verilmesi \u00fczerine olay yerine sa\u011fl\u0131k, itfaiye ve polis ekipleri sevk edildi. Sa\u011fl\u0131k ekipleri taraf\u0131ndan Silivri Devlet Hastanesi&#8217;ne kald\u0131r\u0131lan Ozan \u00c7etinkaya, burada yap\u0131lan t\u00fcm m\u00fcdahalelere ra\u011fmen hayat\u0131n\u0131 kaybetti. Ozan \u00c7etinkaya&#8217;n\u0131n cans\u0131z bedeni \u0130stanbul Adl\u0131 T\u0131p Kurumu morguna sevk edildi.<\/p>\n\n\n\n<p>Polis kazayla ilgili \u00e7al\u0131\u015fma ba\u015flatt\u0131.<\/p>\n","protected":false},"excerpt":{"rendered":"<p>Olay, 20.30 s\u0131ralar\u0131nda TEM Otoyolu Edirne istikametinde meydana geldi. \u0130ddiaya g\u00f6re, Ozan \u00c7etinkaya&#8217;n\u0131n kulland\u0131\u011f\u0131 otomobil, s\u00fcr\u00fcc\u00fcs\u00fcn\u00fcn direksiyon&#8230;<\/p>\n","protected":false},"author":1,"featured_media":111,"comment_status":"open","ping_status":"open","sticky":false,"template":"","format":"standard","meta":{"footnotes":""},"categories":[6],"tags":[],"class_list":["post-110","post","type-post","status-publish","format-standard","has-post-thumbnail","hentry","category-gundem"],"_links":{"self":[{"href":"https:\/\/magazinankarahaberim.com\/index.php\/wp-json\/wp\/v2\/posts\/110","targetHints":{"allow":["GET"]}}],"collection":[{"href":"https:\/\/magazinankarahaberim.com\/index.php\/wp-json\/wp\/v2\/posts"}],"about":[{"href":"https:\/\/magazinankarahaberim.com\/index.php\/wp-json\/wp\/v2\/types\/post"}],"author":[{"embeddable":true,"href":"https:\/\/magazinankarahaberim.com\/index.php\/wp-json\/wp\/v2\/users\/1"}],"replies":[{"embeddable":true,"href":"https:\/\/magazinankarahaberim.com\/index.php\/wp-json\/wp\/v2\/comments?post=110"}],"version-history":[{"count":1,"href":"https:\/\/magazinankarahaberim.com\/index.php\/wp-json\/wp\/v2\/posts\/110\/revisions"}],"predecessor-version":[{"id":112,"href":"https:\/\/magazinankarahaberim.com\/index.php\/wp-json\/wp\/v2\/posts\/110\/revisions\/112"}],"wp:featuredmedia":[{"embeddable":true,"href":"https:\/\/magazinankarahaberim.com\/index.php\/wp-json\/wp\/v2\/media\/111"}],"wp:attachment":[{"href":"https:\/\/magazinankarahaberim.com\/index.php\/wp-json\/wp\/v2\/media?parent=110"}],"wp:term":[{"taxonomy":"category","embeddable":true,"href":"https:\/\/magazinankarahaberim.com\/index.php\/wp-json\/wp\/v2\/categories?post=110"},{"taxonomy":"post_tag","embeddable":true,"href":"https:\/\/magazinankarahaberim.com\/index.php\/wp-json\/wp\/v2\/tags?post=110"}],"curies":[{"name":"wp","href":"https:\/\/api.w.org\/{rel}","templated":true}]}}